{"id":1977,"date":"2022-02-11T17:31:00","date_gmt":"2022-02-11T17:31:00","guid":{"rendered":"https:\/\/somosorderly.com\/blog\/?p=1977"},"modified":"2022-02-11T17:47:46","modified_gmt":"2022-02-11T17:47:46","slug":"nuevos-requisitos-para-cancelar-cfdis-en-el-2022","status":"publish","type":"post","link":"https:\/\/somosorderly.com\/blog\/nuevos-requisitos-para-cancelar-cfdis-en-el-2022\/","title":{"rendered":"Nuevos requisitos para cancelar CFDIs en el 2022."},"content":{"rendered":"\t\t<div data-elementor-type=\"wp-post\" data-elementor-id=\"1977\" class=\"elementor elementor-1977\" data-elementor-settings=\"[]\">\n\t\t\t\t\t\t<div class=\"elementor-inner\">\n\t\t\t\t\t\t\t<div class=\"elementor-section-wrap\">\n\t\t\t\t\t\t\t<section class=\"elementor-section elementor-top-section elementor-element elementor-element-7bf378a elementor-section-boxed elementor-section-height-default elementor-section-height-default\" data-id=\"7bf378a\" data-element_type=\"section\">\n\t\t\t\t\t\t<div class=\"elementor-container elementor-column-gap-default\">\n\t\t\t\t\t\t\t<div class=\"elementor-row\">\n\t\t\t\t\t<div class=\"elementor-column elementor-col-100 elementor-top-column elementor-element elementor-element-1462610\" data-id=\"1462610\" data-element_type=\"column\">\n\t\t\t<div class=\"elementor-column-wrap elementor-element-populated\">\n\t\t\t\t\t\t\t<div class=\"elementor-widget-wrap\">\n\t\t\t\t\t\t<div class=\"elementor-element elementor-element-3afa06a elementor-widget elementor-widget-heading\" data-id=\"3afa06a\" data-element_type=\"widget\" data-widget_type=\"heading.default\">\n\t\t\t\t<div class=\"elementor-widget-container\">\n\t\t\t<h2 class=\"elementor-heading-title elementor-size-default\">Nuevos requisitos para cancelar CFDIs en el 2022<\/h2>\t\t<\/div>\n\t\t\t\t<\/div>\n\t\t\t\t\t\t<\/div>\n\t\t\t\t\t<\/div>\n\t\t<\/div>\n\t\t\t\t\t\t\t\t<\/div>\n\t\t\t\t\t<\/div>\n\t\t<\/section>\n\t\t\t\t<section class=\"elementor-section elementor-top-section elementor-element elementor-element-fdeb61a elementor-section-boxed elementor-section-height-default elementor-section-height-default\" data-id=\"fdeb61a\" data-element_type=\"section\">\n\t\t\t\t\t\t<div class=\"elementor-container elementor-column-gap-default\">\n\t\t\t\t\t\t\t<div class=\"elementor-row\">\n\t\t\t\t\t<div class=\"elementor-column elementor-col-100 elementor-top-column elementor-element elementor-element-3b8e7ff\" data-id=\"3b8e7ff\" data-element_type=\"column\">\n\t\t\t<div class=\"elementor-column-wrap elementor-element-populated\">\n\t\t\t\t\t\t\t<div class=\"elementor-widget-wrap\">\n\t\t\t\t\t\t<div class=\"elementor-element elementor-element-fcf3007 elementor-widget elementor-widget-text-editor\" data-id=\"fcf3007\" data-element_type=\"widget\" data-widget_type=\"text-editor.default\">\n\t\t\t\t<div class=\"elementor-widget-container\">\n\t\t\t\t\t<div class=\"elementor-text-editor elementor-clearfix\"><p><span style=\"font-weight: 400;\">A partir del 01 de Enero 2022 ser\u00e1 requerido se\u00f1alar el motivo por el cual se cancela el comprobante, esto aplica tambi\u00e9n si la factura est\u00e1 emitida con la versi\u00f3n 3.3, es decir, a todas las versiones de la factura o CFDI.<\/span><\/p><ol><li style=\"font-weight: 400;\" aria-level=\"1\"><span style=\"font-weight: 400;\">El motivo de cancelaci\u00f3n opci\u00f3n <\/span><b>01 Comprobante emitido con errores con relaci\u00f3n <\/b><span style=\"font-weight: 400;\">aplica cuando la factura generada contiene un error en la clave del producto, valor unitario, descuento o cualquier otro dato, por lo que se debe reexpedir. En este caso primero se sustituye la factura y cuando se solicita la cancelaci\u00f3n, se incorpora el folio de la factura que sustituye a la cancelada.<\/span><\/li><li style=\"font-weight: 400;\" aria-level=\"1\"><span style=\"font-weight: 400;\">El motivo de cancelaci\u00f3n opci\u00f3n <\/span><b>02 Comprobante emitido con errores sin relaci\u00f3n <\/b><span style=\"font-weight: 400;\">aplica cuando la factura generada contiene un error en la clave de producto, valor unitario, descuento o cualquier otro dato y no se requiera relacionar con otra factura generada.<\/span><\/li><li style=\"font-weight: 400;\" aria-level=\"1\"><span style=\"font-weight: 400;\">El motivo de cancelaci\u00f3n opci\u00f3n <\/span><b>03 no se llev\u00f3 a cabo la operaci\u00f3n <\/b><span style=\"font-weight: 400;\">aplica cuando se factur\u00f3 una operaci\u00f3n que no se concret\u00f3.<\/span><\/li><\/ol><p><span style=\"font-weight: 400;\">El motivo de cancelaci\u00f3n opci\u00f3n <\/span><b>04 Operaci\u00f3n nominativa relacionada en la factura global <\/b><span style=\"font-weight: 400;\">aplica cuando se incluye una venta en la factura global de operaciones con p\u00fablico en general y posterior a ello, el cliente solicita su factura nominativa, lo que conlleva a cancelar la factura global y reexpedirla, as\u00ed como generar la factura nominativa al cliente.<\/span><\/p><p>\u00a0<\/p><h2 style=\"text-align: center;\"><b>Escenarios<\/b><\/h2><p>\u00a0<\/p><p><b>Escenario 1 \u201cComprobante emitido con errores con relaci\u00f3n\u201d<\/b><\/p><p><span style=\"font-weight: 400;\">El 18 de noviembre el contribuyente Daniel Arzate emiti\u00f3 la factura \u201cA\u201d con folio fiscal 6X3930536-D4B4-40E1-B917-C42F806C5C1D, al revisar la factura d\u00edas despu\u00e9s, se percata que contiene un error en la clave de producto o servicio, por lo cual, debe cancelarla.\u00a0<\/span><\/p><p><span style=\"font-weight: 400;\">Procedimiento de cancelaci\u00f3n:<\/span><\/p><ol><li style=\"font-weight: 400;\" aria-level=\"1\"><span style=\"font-weight: 400;\">Se deber\u00e1 emitir una nueva factura*, que subsane el error cometido y sustituya al comprobante \u201cA\u201d, relacion\u00e1ndolo en el nodo \u201cCfdiRelacionados\u201d con la clave \u201c04\u201d Sustituci\u00f3n de CFDI previos. *Factura \u201cB\u201d con folio fiscal 3FC0666E-XB5D-4132-BB1F-41879A6FB5C2\u00a0<\/span><\/li><li style=\"font-weight: 400;\" aria-level=\"1\"><span style=\"font-weight: 400;\">Posteriormente se deber\u00e1 realizar la solicitud de la cancelaci\u00f3n de la factura \u201cA\u201d y es necesario indicar como motivo de cancelaci\u00f3n la clave \u201c01\u201d Comprobantes emitidos con errores con relaci\u00f3n, adicionalmente se registrar\u00e1 el folio fiscal de la factura que la sustituye (factura \u201cB\u201d).<\/span><\/li><\/ol><div>\u00a0<\/div><\/div>\n\t\t\t\t<\/div>\n\t\t\t\t<\/div>\n\t\t\t\t<div class=\"elementor-element elementor-element-81feb51 elementor-widget elementor-widget-image\" data-id=\"81feb51\" data-element_type=\"widget\" data-widget_type=\"image.default\">\n\t\t\t\t<div class=\"elementor-widget-container\">\n\t\t\t\t\t<div class=\"elementor-image\">\n\t\t\t\t\t\t\t\t\t\t<img width=\"529\" height=\"361\" src=\"https:\/\/somosorderly.com\/blog\/wp-content\/uploads\/Captura-de-Pantalla-2022-02-11-a-las-11.43.15.png\" class=\"attachment-large size-large\" alt=\"\" decoding=\"async\" srcset=\"https:\/\/somosorderly.com\/blog\/wp-content\/uploads\/Captura-de-Pantalla-2022-02-11-a-las-11.43.15.png 529w, https:\/\/somosorderly.com\/blog\/wp-content\/uploads\/Captura-de-Pantalla-2022-02-11-a-las-11.43.15-300x205.png 300w\" sizes=\"(max-width: 529px) 100vw, 529px\" \/>\t\t\t\t\t\t\t\t\t\t\t<\/div>\n\t\t\t\t<\/div>\n\t\t\t\t<\/div>\n\t\t\t\t<div class=\"elementor-element elementor-element-9947147 elementor-widget elementor-widget-text-editor\" data-id=\"9947147\" data-element_type=\"widget\" data-widget_type=\"text-editor.default\">\n\t\t\t\t<div class=\"elementor-widget-container\">\n\t\t\t\t\t<div class=\"elementor-text-editor elementor-clearfix\"><p dir=\"ltr\" style=\"line-height: 1.38; text-align: justify; margin-top: 0pt; margin-bottom: 0pt;\"><span style=\"font-size: 11pt; font-family: Lato,sans-serif; color: #000000; background-color: #ffffff; font-weight: bold; font-style: normal; font-variant: normal; text-decoration: none; vertical-align: baseline; white-space: pre-wrap;\">Escenario 2 \u201cComprobante emitido con errores sin relaci\u00f3n\u201d<\/span><\/p><p><b id=\"docs-internal-guid-3a8bb5bb-7fff-7f0b-83f7-f1461b5f44b2\" style=\"font-weight: normal;\">\u00a0<\/b><\/p><p dir=\"ltr\" style=\"line-height: 1.38; text-align: justify; margin-top: 0pt; margin-bottom: 0pt;\"><span style=\"font-size: 11pt; font-family: Lato,sans-serif; color: #000000; background-color: #ffffff; font-weight: 400; font-style: normal; font-variant: normal; text-decoration: none; vertical-align: baseline; white-space: pre-wrap;\">Domingo Rodr\u00edguez realiz\u00f3 la prestaci\u00f3n de un servicio profesional el d\u00eda 18 de octubre de 2021 y emiti\u00f3 la factura \u201cXY\u201d con folio fiscal 9FE42A72-125X-11EC-9A25- 055FA357C89F registrando la informaci\u00f3n del receptor de forma incorrecta (se equivoc\u00f3 de cliente), por tal motivo requiere cancelarla.\u00a0<\/span><\/p><p><b style=\"font-weight: normal;\">\u00a0<\/b><\/p><p dir=\"ltr\" style=\"line-height: 1.38; text-align: justify; margin-top: 0pt; margin-bottom: 0pt;\"><span style=\"font-size: 11pt; font-family: Lato,sans-serif; color: #000000; background-color: #ffffff; font-weight: 400; font-style: normal; font-variant: normal; text-decoration: none; vertical-align: baseline; white-space: pre-wrap;\">Procedimiento de cancelaci\u00f3n.\u00a0<\/span><\/p><p>\u00a0<\/p><ol style=\"margin-top: 0; margin-bottom: 0; padding-inline-start: 48px;\"><li dir=\"ltr\" style=\"list-style-type: decimal; font-size: 11pt; font-family: Lato,sans-serif; color: #000000; background-color: transparent; font-weight: 400; font-style: normal; font-variant: normal; text-decoration: none; vertical-align: baseline; white-space: pre;\" aria-level=\"1\"><p dir=\"ltr\" style=\"line-height: 1.38; text-align: justify; margin-top: 0pt; margin-bottom: 0pt;\" role=\"presentation\"><span style=\"font-size: 11pt; font-family: Lato,sans-serif; color: #000000; background-color: #ffffff; font-weight: 400; font-style: normal; font-variant: normal; text-decoration: none; vertical-align: baseline; white-space: pre-wrap;\">Domingo deber\u00e1 realizar la solicitud de la cancelaci\u00f3n de la factura \u201cXY\u201d, registrando como motivo de cancelaci\u00f3n la clave \u201c02\u201d Comprobantes emitidos con errores sin relaci\u00f3n.\u00a0<\/span><\/p><\/li><li dir=\"ltr\" style=\"list-style-type: decimal; font-size: 11pt; font-family: Lato,sans-serif; color: #000000; background-color: transparent; font-weight: 400; font-style: normal; font-variant: normal; text-decoration: none; vertical-align: baseline; white-space: pre;\" aria-level=\"1\"><p dir=\"ltr\" style=\"line-height: 1.38; text-align: justify; margin-top: 0pt; margin-bottom: 0pt;\" role=\"presentation\"><span style=\"font-size: 11pt; font-family: Lato,sans-serif; color: #000000; background-color: #ffffff; font-weight: 400; font-style: normal; font-variant: normal; text-decoration: none; vertical-align: baseline; white-space: pre-wrap;\">Posteriormente, deber\u00e1 emitir una nueva factura o CFDI con los datos correctos del receptor del comprobante.<\/span><\/p><\/li><\/ol><\/div>\n\t\t\t\t<\/div>\n\t\t\t\t<\/div>\n\t\t\t\t<div class=\"elementor-element elementor-element-08e5fc6 elementor-widget elementor-widget-image\" data-id=\"08e5fc6\" data-element_type=\"widget\" data-widget_type=\"image.default\">\n\t\t\t\t<div class=\"elementor-widget-container\">\n\t\t\t\t\t<div class=\"elementor-image\">\n\t\t\t\t\t\t\t\t\t\t<img width=\"528\" height=\"322\" src=\"https:\/\/somosorderly.com\/blog\/wp-content\/uploads\/Captura-de-Pantalla-2022-02-11-a-las-11.43.08.png\" class=\"attachment-large size-large\" alt=\"\" decoding=\"async\" srcset=\"https:\/\/somosorderly.com\/blog\/wp-content\/uploads\/Captura-de-Pantalla-2022-02-11-a-las-11.43.08.png 528w, https:\/\/somosorderly.com\/blog\/wp-content\/uploads\/Captura-de-Pantalla-2022-02-11-a-las-11.43.08-300x183.png 300w\" sizes=\"(max-width: 528px) 100vw, 528px\" \/>\t\t\t\t\t\t\t\t\t\t\t<\/div>\n\t\t\t\t<\/div>\n\t\t\t\t<\/div>\n\t\t\t\t<div class=\"elementor-element elementor-element-d188e91 elementor-widget elementor-widget-text-editor\" data-id=\"d188e91\" data-element_type=\"widget\" data-widget_type=\"text-editor.default\">\n\t\t\t\t<div class=\"elementor-widget-container\">\n\t\t\t\t\t<div class=\"elementor-text-editor elementor-clearfix\"><p><span style=\"color: #000000; font-size: 11pt; font-weight: bold; white-space: pre-wrap; text-align: justify; font-family: var( --e-global-typography-text-font-family ), Sans-serif;\">Escenario 3 \u201cNo se llev\u00f3 a cabo la operaci\u00f3n\u201d<\/span><\/p><p>\u00a0<\/p><p dir=\"ltr\" style=\"line-height: 1.38; text-align: justify; margin-top: 0pt; margin-bottom: 0pt;\"><span style=\"font-size: 11pt; color: #000000; font-variant-numeric: normal; font-variant-east-asian: normal; vertical-align: baseline; white-space: pre-wrap;\">Jes\u00fas Antonio Trino se dedica a la elaboraci\u00f3n de muebles de madera y emiti\u00f3 la factura \u201cA1\u201d con folio fiscal 87AA3C57-6F5C-422B-A33C-43YYY7228DCA, por un presupuesto solicitado, sin embargo, no se concret\u00f3 la venta por falta de materias primas, por lo que necesita cancelar la factura emitida.\u00a0<\/span><\/p><p>\u00a0<\/p><p dir=\"ltr\" style=\"line-height: 1.38; text-align: justify; margin-top: 0pt; margin-bottom: 0pt;\"><span style=\"font-size: 11pt; color: #000000; font-variant-numeric: normal; font-variant-east-asian: normal; vertical-align: baseline; white-space: pre-wrap;\">Procedimiento de cancelaci\u00f3n.\u00a0<\/span><\/p><p>\u00a0<\/p><ol style=\"padding-inline-start: 48px;\"><li dir=\"ltr\" style=\"list-style-type: decimal; font-size: 11pt; color: #000000; font-variant-numeric: normal; font-variant-east-asian: normal; white-space: pre;\" aria-level=\"1\"><p dir=\"ltr\" style=\"line-height: 1.38; text-align: justify; margin-top: 0pt; margin-bottom: 0pt;\" role=\"presentation\"><span style=\"font-size: 11pt; font-variant-numeric: normal; font-variant-east-asian: normal; vertical-align: baseline; white-space: pre-wrap;\">Jes\u00fas Antonio deber\u00e1 solicitar la cancelaci\u00f3n de la factura \u201cA1\u201d a trav\u00e9s del servicio Cancela y recupera tus facturas, disponible en el Portal del SAT, o bien, a trav\u00e9s de los servicios de un PAC (Proveedor de Certificaci\u00f3n Autorizado) registrando como motivo de cancelaci\u00f3n la clave \u201c03\u201d No se llev\u00f3 a cabo la operaci\u00f3n.<\/span><\/p><\/li><\/ol><\/div>\n\t\t\t\t<\/div>\n\t\t\t\t<\/div>\n\t\t\t\t<div class=\"elementor-element elementor-element-1c4e7a9 elementor-widget elementor-widget-image\" data-id=\"1c4e7a9\" data-element_type=\"widget\" data-widget_type=\"image.default\">\n\t\t\t\t<div class=\"elementor-widget-container\">\n\t\t\t\t\t<div class=\"elementor-image\">\n\t\t\t\t\t\t\t\t\t\t<img width=\"533\" height=\"350\" src=\"https:\/\/somosorderly.com\/blog\/wp-content\/uploads\/Captura-de-Pantalla-2022-02-11-a-las-11.43.03.png\" class=\"attachment-large size-large\" alt=\"\" decoding=\"async\" srcset=\"https:\/\/somosorderly.com\/blog\/wp-content\/uploads\/Captura-de-Pantalla-2022-02-11-a-las-11.43.03.png 533w, https:\/\/somosorderly.com\/blog\/wp-content\/uploads\/Captura-de-Pantalla-2022-02-11-a-las-11.43.03-300x197.png 300w\" sizes=\"(max-width: 533px) 100vw, 533px\" \/>\t\t\t\t\t\t\t\t\t\t\t<\/div>\n\t\t\t\t<\/div>\n\t\t\t\t<\/div>\n\t\t\t\t<div class=\"elementor-element elementor-element-242f026 elementor-widget elementor-widget-text-editor\" data-id=\"242f026\" data-element_type=\"widget\" data-widget_type=\"text-editor.default\">\n\t\t\t\t<div class=\"elementor-widget-container\">\n\t\t\t\t\t<div class=\"elementor-text-editor elementor-clearfix\"><p dir=\"ltr\" style=\"line-height: 1.38; text-align: justify; margin-top: 0pt; margin-bottom: 0pt;\"><span style=\"font-size: 11pt; font-family: Lato,sans-serif; color: #000000; background-color: #ffffff; font-weight: bold; font-style: normal; font-variant: normal; text-decoration: none; vertical-align: baseline; white-space: pre-wrap;\">Escenario 4 \u201cOperaci\u00f3n nominativa relacionada en la factura global\u201d<\/span><\/p><p><b id=\"docs-internal-guid-7db81736-7fff-da4a-b990-ab0a531a1904\" style=\"font-weight: normal;\">\u00a0<\/b><\/p><p dir=\"ltr\" style=\"line-height: 1.38; text-align: justify; margin-top: 0pt; margin-bottom: 0pt;\"><span style=\"font-size: 11pt; font-family: Lato,sans-serif; color: #000000; background-color: #ffffff; font-weight: 400; font-style: normal; font-variant: normal; text-decoration: none; vertical-align: baseline; white-space: pre-wrap;\">La contribuyente Mar\u00eda de los Remedios Aguilar se dedica a la venta de productos escolares y de papeler\u00eda en general, por las operaciones realizadas con el p\u00fablico en general del mes de octubre de 2021 emiti\u00f3 el d\u00eda 3 de noviembre la factura global \u201c123\u201d con folio fiscal C0XXXBF4-076C-1234-8E06-BC298D053996. El d\u00eda 4 de noviembre se presenta uno de sus clientes que le realiz\u00f3 una compra de art\u00edculos escolares el 31 de octubre y solicita la factura nominativa de dicha compra.\u00a0<\/span><\/p><p><b style=\"font-weight: normal;\">\u00a0<\/b><\/p><p dir=\"ltr\" style=\"line-height: 1.38; text-align: justify; margin-top: 0pt; margin-bottom: 0pt;\"><span style=\"font-size: 11pt; font-family: Lato,sans-serif; color: #000000; background-color: #ffffff; font-weight: 400; font-style: normal; font-variant: normal; text-decoration: none; vertical-align: baseline; white-space: pre-wrap;\">Procedimiento de cancelaci\u00f3n.\u00a0<\/span><\/p><p>\u00a0<\/p><ol style=\"margin-top: 0; margin-bottom: 0; padding-inline-start: 48px;\"><li dir=\"ltr\" style=\"list-style-type: decimal; font-size: 11pt; font-family: Lato,sans-serif; color: #000000; background-color: transparent; font-weight: 400; font-style: normal; font-variant: normal; text-decoration: none; vertical-align: baseline; white-space: pre;\" aria-level=\"1\"><p dir=\"ltr\" style=\"line-height: 1.38; text-align: justify; margin-top: 0pt; margin-bottom: 0pt;\" role=\"presentation\"><span style=\"font-size: 11pt; font-family: Lato,sans-serif; color: #000000; background-color: #ffffff; font-weight: 400; font-style: normal; font-variant: normal; text-decoration: none; vertical-align: baseline; white-space: pre-wrap;\">Mar\u00eda de los Remedios Aguilar deber\u00e1 realizar la solicitud de la cancelaci\u00f3n de la factura \u201c123\u201d, registrando como motivo de cancelaci\u00f3n la clave \u201c04\u201d Operaci\u00f3n nominativa relacionada en una factura global.\u00a0<\/span><\/p><\/li><li dir=\"ltr\" style=\"list-style-type: decimal; font-size: 11pt; font-family: Lato,sans-serif; color: #000000; background-color: transparent; font-weight: 400; font-style: normal; font-variant: normal; text-decoration: none; vertical-align: baseline; white-space: pre;\" aria-level=\"1\"><p dir=\"ltr\" style=\"line-height: 1.38; text-align: justify; margin-top: 0pt; margin-bottom: 0pt;\" role=\"presentation\"><span style=\"font-size: 11pt; font-family: Lato,sans-serif; color: #000000; background-color: #ffffff; font-weight: 400; font-style: normal; font-variant: normal; text-decoration: none; vertical-align: baseline; white-space: pre-wrap;\">Posteriormente deber\u00e1 generar el comprobante fiscal global sin considerar el importe de la operaci\u00f3n por la cual se solicita la factura de manera nominativa.\u00a0<\/span><\/p><\/li><li dir=\"ltr\" style=\"list-style-type: decimal; font-size: 11pt; font-family: Lato,sans-serif; color: #000000; background-color: transparent; font-weight: 400; font-style: normal; font-variant: normal; text-decoration: none; vertical-align: baseline; white-space: pre;\" aria-level=\"1\"><p dir=\"ltr\" style=\"line-height: 1.38; text-align: justify; margin-top: 0pt; margin-bottom: 0pt;\" role=\"presentation\"><span style=\"font-size: 11pt; font-family: Lato,sans-serif; color: #000000; background-color: #ffffff; font-weight: 400; font-style: normal; font-variant: normal; text-decoration: none; vertical-align: baseline; white-space: pre-wrap;\">\u00a0Por \u00faltimo, emitir\u00e1 la factura nominativa solicitada por su cliente.<\/span><\/p><\/li><\/ol><\/div>\n\t\t\t\t<\/div>\n\t\t\t\t<\/div>\n\t\t\t\t<div class=\"elementor-element elementor-element-6689839 elementor-widget elementor-widget-image\" data-id=\"6689839\" data-element_type=\"widget\" data-widget_type=\"image.default\">\n\t\t\t\t<div class=\"elementor-widget-container\">\n\t\t\t\t\t<div class=\"elementor-image\">\n\t\t\t\t\t\t\t\t\t\t<img width=\"528\" height=\"347\" src=\"https:\/\/somosorderly.com\/blog\/wp-content\/uploads\/Captura-de-Pantalla-2022-02-11-a-las-11.42.57.png\" class=\"attachment-large size-large\" alt=\"\" decoding=\"async\" srcset=\"https:\/\/somosorderly.com\/blog\/wp-content\/uploads\/Captura-de-Pantalla-2022-02-11-a-las-11.42.57.png 528w, https:\/\/somosorderly.com\/blog\/wp-content\/uploads\/Captura-de-Pantalla-2022-02-11-a-las-11.42.57-300x197.png 300w\" sizes=\"(max-width: 528px) 100vw, 528px\" \/>\t\t\t\t\t\t\t\t\t\t\t<\/div>\n\t\t\t\t<\/div>\n\t\t\t\t<\/div>\n\t\t\t\t\t\t<\/div>\n\t\t\t\t\t<\/div>\n\t\t<\/div>\n\t\t\t\t\t\t\t\t<\/div>\n\t\t\t\t\t<\/div>\n\t\t<\/section>\n\t\t\t\t\t\t<\/div>\n\t\t\t\t\t\t<\/div>\n\t\t\t\t\t<\/div>\n\t\t","protected":false},"excerpt":{"rendered":"<p>Nuevos requisitos para cancelar CFDIs en el 2022 A partir del 01 de Enero 2022 ser\u00e1 requerido se\u00f1alar el motivo por el cual se cancela el comprobante, esto aplica tambi\u00e9n si la factura est\u00e1 emitida con la versi\u00f3n 3.3, es decir, a todas las versiones de la factura o CFDI. El motivo de cancelaci\u00f3n opci\u00f3n [&hellip;]<\/p>\n","protected":false},"author":5,"featured_media":1987,"comment_status":"open","ping_status":"open","sticky":false,"template":"","format":"standard","meta":[],"categories":[1],"tags":[],"_links":{"self":[{"href":"https:\/\/somosorderly.com\/blog\/wp-json\/wp\/v2\/posts\/1977"}],"collection":[{"href":"https:\/\/somosorderly.com\/blog\/wp-json\/wp\/v2\/posts"}],"about":[{"href":"https:\/\/somosorderly.com\/blog\/wp-json\/wp\/v2\/types\/post"}],"author":[{"embeddable":true,"href":"https:\/\/somosorderly.com\/blog\/wp-json\/wp\/v2\/users\/5"}],"replies":[{"embeddable":true,"href":"https:\/\/somosorderly.com\/blog\/wp-json\/wp\/v2\/comments?post=1977"}],"version-history":[{"count":18,"href":"https:\/\/somosorderly.com\/blog\/wp-json\/wp\/v2\/posts\/1977\/revisions"}],"predecessor-version":[{"id":2001,"href":"https:\/\/somosorderly.com\/blog\/wp-json\/wp\/v2\/posts\/1977\/revisions\/2001"}],"wp:featuredmedia":[{"embeddable":true,"href":"https:\/\/somosorderly.com\/blog\/wp-json\/wp\/v2\/media\/1987"}],"wp:attachment":[{"href":"https:\/\/somosorderly.com\/blog\/wp-json\/wp\/v2\/media?parent=1977"}],"wp:term":[{"taxonomy":"category","embeddable":true,"href":"https:\/\/somosorderly.com\/blog\/wp-json\/wp\/v2\/categories?post=1977"},{"taxonomy":"post_tag","embeddable":true,"href":"https:\/\/somosorderly.com\/blog\/wp-json\/wp\/v2\/tags?post=1977"}],"curies":[{"name":"wp","href":"https:\/\/api.w.org\/{rel}","templated":true}]}}